{"id":2011,"date":"2015-10-21T10:14:08","date_gmt":"2015-10-21T08:14:08","guid":{"rendered":"http:\/\/www.campodicarlo.it\/de\/?p=2011"},"modified":"2025-05-20T09:20:27","modified_gmt":"2025-05-20T07:20:27","slug":"toskana-velowochen-und-veloferien-2024","status":"publish","type":"post","link":"https:\/\/www.campodicarlo.it\/de\/toskana-velowochen-und-veloferien-2024\/","title":{"rendered":"Toskana Velowochen und Veloferien"},"content":{"rendered":"<p>von Maerz bis Oktober <a href=\"http:\/\/www.campodicarlo.it\/wp-content\/uploads\/2024\/10\/bici18.jpg\"><img loading=\"lazy\" class=\"aligncenter size-medium wp-image-2371\" src=\"http:\/\/www.campodicarlo.it\/wp-content\/uploads\/2015\/10\/bici18-300x300.jpg\" alt=\"bici18\" width=\"300\" height=\"300\" srcset=\"https:\/\/www.campodicarlo.it\/wp-content\/uploads\/2015\/10\/bici18-300x300.jpg 300w, https:\/\/www.campodicarlo.it\/wp-content\/uploads\/2015\/10\/bici18-150x150.jpg 150w, https:\/\/www.campodicarlo.it\/wp-content\/uploads\/2015\/10\/bici18-71x71.jpg 71w, https:\/\/www.campodicarlo.it\/wp-content\/uploads\/2015\/10\/bici18-36x36.jpg 36w, https:\/\/www.campodicarlo.it\/wp-content\/uploads\/2015\/10\/bici18.jpg 640w\" sizes=\"(max-width: 300px) 100vw, 300px\" \/><\/a> <a href=\"http:\/\/www.campodicarlo.it\/wp-content\/uploads\/2024\/10\/bici19.jpg\"><img loading=\"lazy\" class=\"alignnone size-medium wp-image-2372\" src=\"http:\/\/www.campodicarlo.it\/wp-content\/uploads\/2024\/10\/bici19-300x300.jpg\" alt=\"bici19\" width=\"300\" height=\"300\" \/><\/a> <a href=\"http:\/\/www.campodicarlo.it\/wp-content\/uploads\/2024\/10\/bici23.jpg\"><img loading=\"lazy\" class=\"alignnone size-medium wp-image-2373\" src=\"http:\/\/www.campodicarlo.it\/wp-content\/uploads\/2024\/10\/bici23-300x300.jpg\" alt=\"bici23\" width=\"300\" height=\"300\" \/><\/a> <a href=\"http:\/\/www.campodicarlo.it\/wp-content\/uploads\/2024\/10\/bici22.jpg\"><img loading=\"lazy\" class=\"alignnone size-medium wp-image-2374\" src=\"http:\/\/www.campodicarlo.it\/wp-content\/uploads\/2024\/10\/bici22-300x300.jpg\" alt=\"bici22\" width=\"300\" height=\"300\" \/><\/a>Velowochen und VeloFerien\u00a0 Urlaub mit Velo Toskana-Etrusker Kueste<\/p>\n<p>Bike Hotel Campo di Carlo, Ferien mit Farrahd in der Etrusker Kueste, Lage, Ruhe, Nature, Therme, idealer fuer Grouppen<\/p>\n<ul>\n<li class=\"Stile3\">sichere Abstellpl\u00e4tze f\u00fcr die Fahrr\u00e4der<\/li>\n<li class=\"Stile3\">Wettervorhersage<\/li>\n<li class=\"Stile3\">Zusammenarbeit mit Werkst\u00e4tten und Fachgesch\u00e4ften bei Reparation, Auto und Einkauf<\/li>\n<li class=\"Stile3\">Therme, Wellness, Hydromassage und Sauna 3 km nahe<\/li>\n<li class=\"Stile3\">Rundwege des Fahrradtourismus mit detail Kartenwerk und\u00a0 technischen Ratschl\u00e4gen<\/li>\n<li class=\"Stile3\">Begleitete Touren durch qualifizierte und erfahrene F\u00fchrer. Personalisierte Rundwege<\/li>\n<li class=\"Stile3\">Fahrradverleih auf Anfrage bei Buchung<\/li>\n<li class=\"Stile3\">Spezialverpflegung und flexible Essenszeiten, St\u00e4rkendes Fr\u00fchst\u00fcck<\/li>\n<\/ul>\n<p>&nbsp;<\/p>\n<p>&nbsp;<\/p>\n<p>&nbsp;<\/p>\n<p>&nbsp;<\/p>\n","protected":false},"excerpt":{"rendered":"<p>von Maerz bis Oktober Velowochen und VeloFerien\u00a0 Urlaub mit Velo Toskana-Etrusker Kueste Bike Hotel Campo di Carlo, Ferien mit Farrahd [&hellip;]<\/p>\n","protected":false},"author":1,"featured_media":2062,"comment_status":"closed","ping_status":"closed","sticky":false,"template":"","format":"standard","meta":{"_expiration-date-status":"","_expiration-date":0,"_expiration-date-type":"","_expiration-date-categories":[],"_expiration-date-options":[]},"categories":[26],"tags":[63,55,32,31],"yoast_head":"<!-- This site is optimized with the Yoast SEO plugin v19.9 - https:\/\/yoast.com\/wordpress\/plugins\/seo\/ -->\n<title>Toskana Velowochen und Veloferien - Campo di Carlo<\/title>\n<meta name=\"description\" content=\"Toskana velowochen und Veloferien 2023 Campo di Carlo Bikehotel\" \/>\n<meta name=\"robots\" content=\"index, follow, max-snippet:-1, max-image-preview:large, max-video-preview:-1\" \/>\n<link rel=\"canonical\" href=\"https:\/\/www.campodicarlo.it\/de\/toskana-velowochen-und-veloferien-2024\/\" \/>\n<meta property=\"og:locale\" content=\"de_DE\" \/>\n<meta property=\"og:type\" content=\"article\" \/>\n<meta property=\"og:title\" content=\"Toskana Velowochen und Veloferien - Campo di Carlo\" \/>\n<meta property=\"og:description\" content=\"Toskana velowochen und Veloferien 2023 Campo di Carlo Bikehotel\" \/>\n<meta property=\"og:url\" content=\"https:\/\/www.campodicarlo.it\/de\/toskana-velowochen-und-veloferien-2024\/\" \/>\n<meta property=\"og:site_name\" content=\"Campo di Carlo\" \/>\n<meta property=\"article:publisher\" content=\"https:\/\/www.facebook.com\/cristina.c.carlo\/\" \/>\n<meta property=\"article:published_time\" content=\"2015-10-21T08:14:08+00:00\" \/>\n<meta property=\"article:modified_time\" content=\"2025-05-20T07:20:27+00:00\" \/>\n<meta property=\"og:image\" content=\"https:\/\/www.campodicarlo.it\/wp-content\/uploads\/2015\/10\/mountainbike-4.jpg\" \/>\n\t<meta property=\"og:image:width\" content=\"800\" \/>\n\t<meta property=\"og:image:height\" content=\"600\" \/>\n\t<meta property=\"og:image:type\" content=\"image\/jpeg\" \/>\n<meta name=\"author\" content=\"campodicarlo\" \/>\n<meta name=\"twitter:card\" content=\"summary_large_image\" \/>\n<meta name=\"twitter:label1\" content=\"Verfasst von\" \/>\n\t<meta name=\"twitter:data1\" content=\"campodicarlo\" \/>\n\t<meta name=\"twitter:label2\" content=\"Gesch\u00e4tzte Lesezeit\" \/>\n\t<meta name=\"twitter:data2\" content=\"2\u00a0Minuten\" \/>\n<script type=\"application\/ld+json\" class=\"yoast-schema-graph\">{\"@context\":\"https:\/\/schema.org\",\"@graph\":[{\"@type\":\"WebPage\",\"@id\":\"https:\/\/www.campodicarlo.it\/de\/toskana-velowochen-und-veloferien-2024\/\",\"url\":\"https:\/\/www.campodicarlo.it\/de\/toskana-velowochen-und-veloferien-2024\/\",\"name\":\"Toskana Velowochen und Veloferien - Campo di Carlo\",\"isPartOf\":{\"@id\":\"https:\/\/www.campodicarlo.it\/de\/#website\"},\"datePublished\":\"2015-10-21T08:14:08+00:00\",\"dateModified\":\"2025-05-20T07:20:27+00:00\",\"author\":{\"@id\":\"https:\/\/www.campodicarlo.it\/de\/#\/schema\/person\/c7e2313a9ac51a4352c201f6689f24d8\"},\"description\":\"Toskana velowochen und Veloferien 2023 Campo di Carlo Bikehotel\",\"breadcrumb\":{\"@id\":\"https:\/\/www.campodicarlo.it\/de\/toskana-velowochen-und-veloferien-2024\/#breadcrumb\"},\"inLanguage\":\"de\",\"potentialAction\":[{\"@type\":\"ReadAction\",\"target\":[\"https:\/\/www.campodicarlo.it\/de\/toskana-velowochen-und-veloferien-2024\/\"]}]},{\"@type\":\"BreadcrumbList\",\"@id\":\"https:\/\/www.campodicarlo.it\/de\/toskana-velowochen-und-veloferien-2024\/#breadcrumb\",\"itemListElement\":[{\"@type\":\"ListItem\",\"position\":1,\"name\":\"Home\",\"item\":\"https:\/\/www.campodicarlo.it\/de\/\"},{\"@type\":\"ListItem\",\"position\":2,\"name\":\"Toskana Velowochen und Veloferien\"}]},{\"@type\":\"WebSite\",\"@id\":\"https:\/\/www.campodicarlo.it\/de\/#website\",\"url\":\"https:\/\/www.campodicarlo.it\/de\/\",\"name\":\"Campo di Carlo\",\"description\":\"\",\"potentialAction\":[{\"@type\":\"SearchAction\",\"target\":{\"@type\":\"EntryPoint\",\"urlTemplate\":\"https:\/\/www.campodicarlo.it\/de\/?s={search_term_string}\"},\"query-input\":\"required name=search_term_string\"}],\"inLanguage\":\"de\"},{\"@type\":\"Person\",\"@id\":\"https:\/\/www.campodicarlo.it\/de\/#\/schema\/person\/c7e2313a9ac51a4352c201f6689f24d8\",\"name\":\"campodicarlo\",\"url\":\"https:\/\/www.campodicarlo.it\/de\/author\/campodicarlo\/\"}]}<\/script>\n<!-- \/ Yoast SEO plugin. -->","yoast_head_json":{"title":"Toskana Velowochen und Veloferien - Campo di Carlo","description":"Toskana velowochen und Veloferien 2023 Campo di Carlo Bikehotel","robots":{"index":"index","follow":"follow","max-snippet":"max-snippet:-1","max-image-preview":"max-image-preview:large","max-video-preview":"max-video-preview:-1"},"canonical":"https:\/\/www.campodicarlo.it\/de\/toskana-velowochen-und-veloferien-2024\/","og_locale":"de_DE","og_type":"article","og_title":"Toskana Velowochen und Veloferien - Campo di Carlo","og_description":"Toskana velowochen und Veloferien 2023 Campo di Carlo Bikehotel","og_url":"https:\/\/www.campodicarlo.it\/de\/toskana-velowochen-und-veloferien-2024\/","og_site_name":"Campo di Carlo","article_publisher":"https:\/\/www.facebook.com\/cristina.c.carlo\/","article_published_time":"2015-10-21T08:14:08+00:00","article_modified_time":"2025-05-20T07:20:27+00:00","og_image":[{"width":800,"height":600,"url":"https:\/\/www.campodicarlo.it\/wp-content\/uploads\/2015\/10\/mountainbike-4.jpg","type":"image\/jpeg"}],"author":"campodicarlo","twitter_card":"summary_large_image","twitter_misc":{"Verfasst von":"campodicarlo","Gesch\u00e4tzte Lesezeit":"2\u00a0Minuten"},"schema":{"@context":"https:\/\/schema.org","@graph":[{"@type":"WebPage","@id":"https:\/\/www.campodicarlo.it\/de\/toskana-velowochen-und-veloferien-2024\/","url":"https:\/\/www.campodicarlo.it\/de\/toskana-velowochen-und-veloferien-2024\/","name":"Toskana Velowochen und Veloferien - Campo di Carlo","isPartOf":{"@id":"https:\/\/www.campodicarlo.it\/de\/#website"},"datePublished":"2015-10-21T08:14:08+00:00","dateModified":"2025-05-20T07:20:27+00:00","author":{"@id":"https:\/\/www.campodicarlo.it\/de\/#\/schema\/person\/c7e2313a9ac51a4352c201f6689f24d8"},"description":"Toskana velowochen und Veloferien 2023 Campo di Carlo Bikehotel","breadcrumb":{"@id":"https:\/\/www.campodicarlo.it\/de\/toskana-velowochen-und-veloferien-2024\/#breadcrumb"},"inLanguage":"de","potentialAction":[{"@type":"ReadAction","target":["https:\/\/www.campodicarlo.it\/de\/toskana-velowochen-und-veloferien-2024\/"]}]},{"@type":"BreadcrumbList","@id":"https:\/\/www.campodicarlo.it\/de\/toskana-velowochen-und-veloferien-2024\/#breadcrumb","itemListElement":[{"@type":"ListItem","position":1,"name":"Home","item":"https:\/\/www.campodicarlo.it\/de\/"},{"@type":"ListItem","position":2,"name":"Toskana Velowochen und Veloferien"}]},{"@type":"WebSite","@id":"https:\/\/www.campodicarlo.it\/de\/#website","url":"https:\/\/www.campodicarlo.it\/de\/","name":"Campo di Carlo","description":"","potentialAction":[{"@type":"SearchAction","target":{"@type":"EntryPoint","urlTemplate":"https:\/\/www.campodicarlo.it\/de\/?s={search_term_string}"},"query-input":"required name=search_term_string"}],"inLanguage":"de"},{"@type":"Person","@id":"https:\/\/www.campodicarlo.it\/de\/#\/schema\/person\/c7e2313a9ac51a4352c201f6689f24d8","name":"campodicarlo","url":"https:\/\/www.campodicarlo.it\/de\/author\/campodicarlo\/"}]}},"_links":{"self":[{"href":"https:\/\/www.campodicarlo.it\/de\/wp-json\/wp\/v2\/posts\/2011"}],"collection":[{"href":"https:\/\/www.campodicarlo.it\/de\/wp-json\/wp\/v2\/posts"}],"about":[{"href":"https:\/\/www.campodicarlo.it\/de\/wp-json\/wp\/v2\/types\/post"}],"author":[{"embeddable":true,"href":"https:\/\/www.campodicarlo.it\/de\/wp-json\/wp\/v2\/users\/1"}],"replies":[{"embeddable":true,"href":"https:\/\/www.campodicarlo.it\/de\/wp-json\/wp\/v2\/comments?post=2011"}],"version-history":[{"count":3,"href":"https:\/\/www.campodicarlo.it\/de\/wp-json\/wp\/v2\/posts\/2011\/revisions"}],"predecessor-version":[{"id":3000,"href":"https:\/\/www.campodicarlo.it\/de\/wp-json\/wp\/v2\/posts\/2011\/revisions\/3000"}],"wp:featuredmedia":[{"embeddable":true,"href":"https:\/\/www.campodicarlo.it\/de\/wp-json\/wp\/v2\/media\/2062"}],"wp:attachment":[{"href":"https:\/\/www.campodicarlo.it\/de\/wp-json\/wp\/v2\/media?parent=2011"}],"wp:term":[{"taxonomy":"category","embeddable":true,"href":"https:\/\/www.campodicarlo.it\/de\/wp-json\/wp\/v2\/categories?post=2011"},{"taxonomy":"post_tag","embeddable":true,"href":"https:\/\/www.campodicarlo.it\/de\/wp-json\/wp\/v2\/tags?post=2011"}],"curies":[{"name":"wp","href":"https:\/\/api.w.org\/{rel}","templated":true}]}}